{"id":5395,"date":"2025-07-09T17:16:51","date_gmt":"2025-07-09T16:16:51","guid":{"rendered":"https:\/\/t-agency.fr\/blog\/lagence-celebre-cinq-annees-dexcellence\/"},"modified":"2025-09-09T17:24:08","modified_gmt":"2025-09-09T16:24:08","slug":"lagence-celebre-cinq-annees-dexcellence","status":"publish","type":"post","link":"https:\/\/t-agency.fr\/fr\/blog\/lagence-celebre-cinq-annees-dexcellence\/","title":{"rendered":"L&rsquo;Agence c\u00e9l\u00e8bre cinq ann\u00e9es d&rsquo;excellence"},"content":{"rendered":"\n<p>En d\u00e9but d&rsquo;ann\u00e9e, l&rsquo;Agence a franchi une \u00e9tape importante : son cinqui\u00e8me anniversaire. Pour c\u00e9l\u00e9brer cette occasion, nous avons r\u00e9uni nos clients, nos partenaires et notre \u00e9quipe d\u00e9vou\u00e9e pour un \u00e9v\u00e9nement inoubliable au c\u0153ur de Saint-\u00c9milion, dans le prestigieux Ch\u00e2teau de Lussac. <\/p>\n\n<p>Le cadre n&rsquo;aurait pu \u00eatre plus appropri\u00e9. Entour\u00e9s des vignobles historiques de Saint-\u00c9milion, nous avons lev\u00e9 nos verres \u00e0 une demi-d\u00e9cennie de croissance, de collaboration et de succ\u00e8s. Ce fut l&rsquo;occasion de r\u00e9fl\u00e9chir au chemin parcouru jusqu&rsquo;\u00e0 pr\u00e9sent, fond\u00e9 sur la confiance, l&rsquo;innovation et un engagement in\u00e9branlable envers nos clients, et de se tourner vers les opportunit\u00e9s passionnantes que nous r\u00e9serve l&rsquo;avenir.  <\/p>\n\n<p>D\u00e8s sa cr\u00e9ation, l&rsquo;Agence a \u00e9t\u00e9 guid\u00e9e par une vision claire : offrir un service personnalis\u00e9 de classe mondiale et cr\u00e9er une valeur significative pour ceux que nous repr\u00e9sentons. Cinq ans plus tard, cette vision n&rsquo;a fait que se renforcer, gr\u00e2ce au soutien continu de nos clients et aux efforts inlassables de notre \u00e9quipe. <\/p>\n\n<p>La soir\u00e9e au Ch\u00e2teau de Lussac \u00e9tait plus qu&rsquo;une simple c\u00e9l\u00e9bration, c&rsquo;\u00e9tait un hommage aux relations qui font de l&rsquo;Agence ce qu&rsquo;elle est aujourd&rsquo;hui. Avec de bons vins, des conversations chaleureuses et des ambitions partag\u00e9es, la r\u00e9union a captur\u00e9 l&rsquo;essence de notre voyage : m\u00e9langer l&rsquo;h\u00e9ritage avec la pens\u00e9e avant-gardiste, et toujours en bonne compagnie. <\/p>\n\n<p>Alors que nous entamons le prochain chapitre, nous restons plus que jamais d\u00e9termin\u00e9s \u00e0 atteindre l&rsquo;excellence. Merci \u00e0 tous ceux qui ont particip\u00e9 \u00e0 notre histoire jusqu&rsquo;\u00e0 pr\u00e9sent. Nous nous r\u00e9jouissons des cinq prochaines ann\u00e9es et de celles qui suivront.  <\/p>\n\n<p><\/p>\n","protected":false},"excerpt":{"rendered":"<p>En d\u00e9but d&rsquo;ann\u00e9e, l&rsquo;Agence a franchi une \u00e9tape importante : son cinqui\u00e8me anniversaire. Pour c\u00e9l\u00e9brer cette occasion, nous avons r\u00e9uni nos clients, nos partenaires et notre \u00e9quipe d\u00e9vou\u00e9e pour un \u00e9v\u00e9nement inoubliable au c\u0153ur de Saint-\u00c9milion, dans le prestigieux Ch\u00e2teau de Lussac. Le cadre n&rsquo;aurait pu \u00eatre plus appropri\u00e9. Entour\u00e9s des vignobles historiques de Saint-\u00c9milion, [&hellip;]<\/p>\n","protected":false},"author":2,"featured_media":5390,"comment_status":"closed","ping_status":"open","sticky":false,"template":"","format":"standard","meta":{"_acf_changed":false,"footnotes":""},"categories":[39,28],"tags":[],"class_list":["post-5395","post","type-post","status-publish","format-standard","has-post-thumbnail","hentry","category-event","category-non-classifiee"],"acf":[],"yoast_head":"<!-- This site is optimized with the Yoast SEO plugin v27.5 - https:\/\/yoast.com\/product\/yoast-seo-wordpress\/ -->\n<title>L&#039;Agence c\u00e9l\u00e8bre cinq ann\u00e9es d&#039;excellence - The Agency<\/title>\n<meta name=\"robots\" content=\"index, follow, max-snippet:-1, max-image-preview:large, max-video-preview:-1\" \/>\n<link rel=\"canonical\" href=\"https:\/\/t-agency.fr\/fr\/blog\/lagence-celebre-cinq-annees-dexcellence\/\" \/>\n<meta property=\"og:locale\" content=\"fr_FR\" \/>\n<meta property=\"og:type\" content=\"article\" \/>\n<meta property=\"og:title\" content=\"L&#039;Agence c\u00e9l\u00e8bre cinq ann\u00e9es d&#039;excellence - The Agency\" \/>\n<meta property=\"og:description\" content=\"En d\u00e9but d&rsquo;ann\u00e9e, l&rsquo;Agence a franchi une \u00e9tape importante : son cinqui\u00e8me anniversaire. Pour c\u00e9l\u00e9brer cette occasion, nous avons r\u00e9uni nos clients, nos partenaires et notre \u00e9quipe d\u00e9vou\u00e9e pour un \u00e9v\u00e9nement inoubliable au c\u0153ur de Saint-\u00c9milion, dans le prestigieux Ch\u00e2teau de Lussac. Le cadre n&rsquo;aurait pu \u00eatre plus appropri\u00e9. Entour\u00e9s des vignobles historiques de Saint-\u00c9milion, [&hellip;]\" \/>\n<meta property=\"og:url\" content=\"https:\/\/t-agency.fr\/fr\/blog\/lagence-celebre-cinq-annees-dexcellence\/\" \/>\n<meta property=\"og:site_name\" content=\"The Agency\" \/>\n<meta property=\"article:published_time\" content=\"2025-07-09T16:16:51+00:00\" \/>\n<meta property=\"article:modified_time\" content=\"2025-09-09T16:24:08+00:00\" \/>\n<meta property=\"og:image\" content=\"https:\/\/t-agency.fr\/wp-content\/uploads\/2025\/09\/470394773.jpg\" \/>\n\t<meta property=\"og:image:width\" content=\"1024\" \/>\n\t<meta property=\"og:image:height\" content=\"681\" \/>\n\t<meta property=\"og:image:type\" content=\"image\/jpeg\" \/>\n<meta name=\"author\" content=\"Nicolas Saugnac\" \/>\n<meta name=\"twitter:card\" content=\"summary_large_image\" \/>\n<meta name=\"twitter:label1\" content=\"\u00c9crit par\" \/>\n\t<meta name=\"twitter:data1\" content=\"Nicolas Saugnac\" \/>\n\t<meta name=\"twitter:label2\" content=\"Dur\u00e9e de lecture estim\u00e9e\" \/>\n\t<meta name=\"twitter:data2\" content=\"1 minute\" \/>\n<script type=\"application\/ld+json\" class=\"yoast-schema-graph\">{\"@context\":\"https:\\\/\\\/schema.org\",\"@graph\":[{\"@type\":\"Article\",\"@id\":\"https:\\\/\\\/t-agency.fr\\\/fr\\\/blog\\\/lagence-celebre-cinq-annees-dexcellence\\\/#article\",\"isPartOf\":{\"@id\":\"https:\\\/\\\/t-agency.fr\\\/fr\\\/blog\\\/lagence-celebre-cinq-annees-dexcellence\\\/\"},\"author\":{\"name\":\"Nicolas Saugnac\",\"@id\":\"https:\\\/\\\/t-agency.fr\\\/fr\\\/#\\\/schema\\\/person\\\/0a380afa06399420bade1d966cf290d5\"},\"headline\":\"L&rsquo;Agence c\u00e9l\u00e8bre cinq ann\u00e9es d&rsquo;excellence\",\"datePublished\":\"2025-07-09T16:16:51+00:00\",\"dateModified\":\"2025-09-09T16:24:08+00:00\",\"mainEntityOfPage\":{\"@id\":\"https:\\\/\\\/t-agency.fr\\\/fr\\\/blog\\\/lagence-celebre-cinq-annees-dexcellence\\\/\"},\"wordCount\":314,\"publisher\":{\"@id\":\"https:\\\/\\\/t-agency.fr\\\/fr\\\/#organization\"},\"image\":{\"@id\":\"https:\\\/\\\/t-agency.fr\\\/fr\\\/blog\\\/lagence-celebre-cinq-annees-dexcellence\\\/#primaryimage\"},\"thumbnailUrl\":\"https:\\\/\\\/t-agency.fr\\\/wp-content\\\/uploads\\\/2025\\\/09\\\/470394773.jpg\",\"articleSection\":[\"Event\",\"Non classifi\u00e9(e)\"],\"inLanguage\":\"fr-FR\"},{\"@type\":\"WebPage\",\"@id\":\"https:\\\/\\\/t-agency.fr\\\/fr\\\/blog\\\/lagence-celebre-cinq-annees-dexcellence\\\/\",\"url\":\"https:\\\/\\\/t-agency.fr\\\/fr\\\/blog\\\/lagence-celebre-cinq-annees-dexcellence\\\/\",\"name\":\"L'Agence c\u00e9l\u00e8bre cinq ann\u00e9es d'excellence - The Agency\",\"isPartOf\":{\"@id\":\"https:\\\/\\\/t-agency.fr\\\/fr\\\/#website\"},\"primaryImageOfPage\":{\"@id\":\"https:\\\/\\\/t-agency.fr\\\/fr\\\/blog\\\/lagence-celebre-cinq-annees-dexcellence\\\/#primaryimage\"},\"image\":{\"@id\":\"https:\\\/\\\/t-agency.fr\\\/fr\\\/blog\\\/lagence-celebre-cinq-annees-dexcellence\\\/#primaryimage\"},\"thumbnailUrl\":\"https:\\\/\\\/t-agency.fr\\\/wp-content\\\/uploads\\\/2025\\\/09\\\/470394773.jpg\",\"datePublished\":\"2025-07-09T16:16:51+00:00\",\"dateModified\":\"2025-09-09T16:24:08+00:00\",\"breadcrumb\":{\"@id\":\"https:\\\/\\\/t-agency.fr\\\/fr\\\/blog\\\/lagence-celebre-cinq-annees-dexcellence\\\/#breadcrumb\"},\"inLanguage\":\"fr-FR\",\"potentialAction\":[{\"@type\":\"ReadAction\",\"target\":[\"https:\\\/\\\/t-agency.fr\\\/fr\\\/blog\\\/lagence-celebre-cinq-annees-dexcellence\\\/\"]}]},{\"@type\":\"ImageObject\",\"inLanguage\":\"fr-FR\",\"@id\":\"https:\\\/\\\/t-agency.fr\\\/fr\\\/blog\\\/lagence-celebre-cinq-annees-dexcellence\\\/#primaryimage\",\"url\":\"https:\\\/\\\/t-agency.fr\\\/wp-content\\\/uploads\\\/2025\\\/09\\\/470394773.jpg\",\"contentUrl\":\"https:\\\/\\\/t-agency.fr\\\/wp-content\\\/uploads\\\/2025\\\/09\\\/470394773.jpg\",\"width\":1024,\"height\":681},{\"@type\":\"BreadcrumbList\",\"@id\":\"https:\\\/\\\/t-agency.fr\\\/fr\\\/blog\\\/lagence-celebre-cinq-annees-dexcellence\\\/#breadcrumb\",\"itemListElement\":[{\"@type\":\"ListItem\",\"position\":1,\"name\":\"Home\",\"item\":\"https:\\\/\\\/t-agency.fr\\\/fr\\\/lagence\\\/\"},{\"@type\":\"ListItem\",\"position\":2,\"name\":\"L&rsquo;Agence c\u00e9l\u00e8bre cinq ann\u00e9es d&rsquo;excellence\"}]},{\"@type\":\"WebSite\",\"@id\":\"https:\\\/\\\/t-agency.fr\\\/fr\\\/#website\",\"url\":\"https:\\\/\\\/t-agency.fr\\\/fr\\\/\",\"name\":\"The Agency\",\"description\":\"Yacht Marketing Agency\",\"publisher\":{\"@id\":\"https:\\\/\\\/t-agency.fr\\\/fr\\\/#organization\"},\"potentialAction\":[{\"@type\":\"SearchAction\",\"target\":{\"@type\":\"EntryPoint\",\"urlTemplate\":\"https:\\\/\\\/t-agency.fr\\\/fr\\\/?s={search_term_string}\"},\"query-input\":{\"@type\":\"PropertyValueSpecification\",\"valueRequired\":true,\"valueName\":\"search_term_string\"}}],\"inLanguage\":\"fr-FR\"},{\"@type\":\"Organization\",\"@id\":\"https:\\\/\\\/t-agency.fr\\\/fr\\\/#organization\",\"name\":\"The Agency\",\"url\":\"https:\\\/\\\/t-agency.fr\\\/fr\\\/\",\"logo\":{\"@type\":\"ImageObject\",\"inLanguage\":\"fr-FR\",\"@id\":\"https:\\\/\\\/t-agency.fr\\\/fr\\\/#\\\/schema\\\/logo\\\/image\\\/\",\"url\":\"https:\\\/\\\/t-agency.fr\\\/wp-content\\\/uploads\\\/2021\\\/07\\\/t_agency__full_logo.png\",\"contentUrl\":\"https:\\\/\\\/t-agency.fr\\\/wp-content\\\/uploads\\\/2021\\\/07\\\/t_agency__full_logo.png\",\"width\":2708,\"height\":1445,\"caption\":\"The Agency\"},\"image\":{\"@id\":\"https:\\\/\\\/t-agency.fr\\\/fr\\\/#\\\/schema\\\/logo\\\/image\\\/\"}},{\"@type\":\"Person\",\"@id\":\"https:\\\/\\\/t-agency.fr\\\/fr\\\/#\\\/schema\\\/person\\\/0a380afa06399420bade1d966cf290d5\",\"name\":\"Nicolas Saugnac\",\"image\":{\"@type\":\"ImageObject\",\"inLanguage\":\"fr-FR\",\"@id\":\"https:\\\/\\\/secure.gravatar.com\\\/avatar\\\/de6b6164c7a7e2c38b87b2ecbcf114e9691f339cc631fe27f1e271ed9451b904?s=96&d=mm&r=g\",\"url\":\"https:\\\/\\\/secure.gravatar.com\\\/avatar\\\/de6b6164c7a7e2c38b87b2ecbcf114e9691f339cc631fe27f1e271ed9451b904?s=96&d=mm&r=g\",\"contentUrl\":\"https:\\\/\\\/secure.gravatar.com\\\/avatar\\\/de6b6164c7a7e2c38b87b2ecbcf114e9691f339cc631fe27f1e271ed9451b904?s=96&d=mm&r=g\",\"caption\":\"Nicolas Saugnac\"},\"url\":\"https:\\\/\\\/t-agency.fr\\\/fr\\\/blog\\\/author\\\/nicolas\\\/\"}]}<\/script>\n<!-- \/ Yoast SEO plugin. -->","yoast_head_json":{"title":"L'Agence c\u00e9l\u00e8bre cinq ann\u00e9es d'excellence - The Agency","robots":{"index":"index","follow":"follow","max-snippet":"max-snippet:-1","max-image-preview":"max-image-preview:large","max-video-preview":"max-video-preview:-1"},"canonical":"https:\/\/t-agency.fr\/fr\/blog\/lagence-celebre-cinq-annees-dexcellence\/","og_locale":"fr_FR","og_type":"article","og_title":"L'Agence c\u00e9l\u00e8bre cinq ann\u00e9es d'excellence - The Agency","og_description":"En d\u00e9but d&rsquo;ann\u00e9e, l&rsquo;Agence a franchi une \u00e9tape importante : son cinqui\u00e8me anniversaire. Pour c\u00e9l\u00e9brer cette occasion, nous avons r\u00e9uni nos clients, nos partenaires et notre \u00e9quipe d\u00e9vou\u00e9e pour un \u00e9v\u00e9nement inoubliable au c\u0153ur de Saint-\u00c9milion, dans le prestigieux Ch\u00e2teau de Lussac. Le cadre n&rsquo;aurait pu \u00eatre plus appropri\u00e9. Entour\u00e9s des vignobles historiques de Saint-\u00c9milion, [&hellip;]","og_url":"https:\/\/t-agency.fr\/fr\/blog\/lagence-celebre-cinq-annees-dexcellence\/","og_site_name":"The Agency","article_published_time":"2025-07-09T16:16:51+00:00","article_modified_time":"2025-09-09T16:24:08+00:00","og_image":[{"width":1024,"height":681,"url":"https:\/\/t-agency.fr\/wp-content\/uploads\/2025\/09\/470394773.jpg","type":"image\/jpeg"}],"author":"Nicolas Saugnac","twitter_card":"summary_large_image","twitter_misc":{"\u00c9crit par":"Nicolas Saugnac","Dur\u00e9e de lecture estim\u00e9e":"1 minute"},"schema":{"@context":"https:\/\/schema.org","@graph":[{"@type":"Article","@id":"https:\/\/t-agency.fr\/fr\/blog\/lagence-celebre-cinq-annees-dexcellence\/#article","isPartOf":{"@id":"https:\/\/t-agency.fr\/fr\/blog\/lagence-celebre-cinq-annees-dexcellence\/"},"author":{"name":"Nicolas Saugnac","@id":"https:\/\/t-agency.fr\/fr\/#\/schema\/person\/0a380afa06399420bade1d966cf290d5"},"headline":"L&rsquo;Agence c\u00e9l\u00e8bre cinq ann\u00e9es d&rsquo;excellence","datePublished":"2025-07-09T16:16:51+00:00","dateModified":"2025-09-09T16:24:08+00:00","mainEntityOfPage":{"@id":"https:\/\/t-agency.fr\/fr\/blog\/lagence-celebre-cinq-annees-dexcellence\/"},"wordCount":314,"publisher":{"@id":"https:\/\/t-agency.fr\/fr\/#organization"},"image":{"@id":"https:\/\/t-agency.fr\/fr\/blog\/lagence-celebre-cinq-annees-dexcellence\/#primaryimage"},"thumbnailUrl":"https:\/\/t-agency.fr\/wp-content\/uploads\/2025\/09\/470394773.jpg","articleSection":["Event","Non classifi\u00e9(e)"],"inLanguage":"fr-FR"},{"@type":"WebPage","@id":"https:\/\/t-agency.fr\/fr\/blog\/lagence-celebre-cinq-annees-dexcellence\/","url":"https:\/\/t-agency.fr\/fr\/blog\/lagence-celebre-cinq-annees-dexcellence\/","name":"L'Agence c\u00e9l\u00e8bre cinq ann\u00e9es d'excellence - The Agency","isPartOf":{"@id":"https:\/\/t-agency.fr\/fr\/#website"},"primaryImageOfPage":{"@id":"https:\/\/t-agency.fr\/fr\/blog\/lagence-celebre-cinq-annees-dexcellence\/#primaryimage"},"image":{"@id":"https:\/\/t-agency.fr\/fr\/blog\/lagence-celebre-cinq-annees-dexcellence\/#primaryimage"},"thumbnailUrl":"https:\/\/t-agency.fr\/wp-content\/uploads\/2025\/09\/470394773.jpg","datePublished":"2025-07-09T16:16:51+00:00","dateModified":"2025-09-09T16:24:08+00:00","breadcrumb":{"@id":"https:\/\/t-agency.fr\/fr\/blog\/lagence-celebre-cinq-annees-dexcellence\/#breadcrumb"},"inLanguage":"fr-FR","potentialAction":[{"@type":"ReadAction","target":["https:\/\/t-agency.fr\/fr\/blog\/lagence-celebre-cinq-annees-dexcellence\/"]}]},{"@type":"ImageObject","inLanguage":"fr-FR","@id":"https:\/\/t-agency.fr\/fr\/blog\/lagence-celebre-cinq-annees-dexcellence\/#primaryimage","url":"https:\/\/t-agency.fr\/wp-content\/uploads\/2025\/09\/470394773.jpg","contentUrl":"https:\/\/t-agency.fr\/wp-content\/uploads\/2025\/09\/470394773.jpg","width":1024,"height":681},{"@type":"BreadcrumbList","@id":"https:\/\/t-agency.fr\/fr\/blog\/lagence-celebre-cinq-annees-dexcellence\/#breadcrumb","itemListElement":[{"@type":"ListItem","position":1,"name":"Home","item":"https:\/\/t-agency.fr\/fr\/lagence\/"},{"@type":"ListItem","position":2,"name":"L&rsquo;Agence c\u00e9l\u00e8bre cinq ann\u00e9es d&rsquo;excellence"}]},{"@type":"WebSite","@id":"https:\/\/t-agency.fr\/fr\/#website","url":"https:\/\/t-agency.fr\/fr\/","name":"The Agency","description":"Yacht Marketing Agency","publisher":{"@id":"https:\/\/t-agency.fr\/fr\/#organization"},"potentialAction":[{"@type":"SearchAction","target":{"@type":"EntryPoint","urlTemplate":"https:\/\/t-agency.fr\/fr\/?s={search_term_string}"},"query-input":{"@type":"PropertyValueSpecification","valueRequired":true,"valueName":"search_term_string"}}],"inLanguage":"fr-FR"},{"@type":"Organization","@id":"https:\/\/t-agency.fr\/fr\/#organization","name":"The Agency","url":"https:\/\/t-agency.fr\/fr\/","logo":{"@type":"ImageObject","inLanguage":"fr-FR","@id":"https:\/\/t-agency.fr\/fr\/#\/schema\/logo\/image\/","url":"https:\/\/t-agency.fr\/wp-content\/uploads\/2021\/07\/t_agency__full_logo.png","contentUrl":"https:\/\/t-agency.fr\/wp-content\/uploads\/2021\/07\/t_agency__full_logo.png","width":2708,"height":1445,"caption":"The Agency"},"image":{"@id":"https:\/\/t-agency.fr\/fr\/#\/schema\/logo\/image\/"}},{"@type":"Person","@id":"https:\/\/t-agency.fr\/fr\/#\/schema\/person\/0a380afa06399420bade1d966cf290d5","name":"Nicolas Saugnac","image":{"@type":"ImageObject","inLanguage":"fr-FR","@id":"https:\/\/secure.gravatar.com\/avatar\/de6b6164c7a7e2c38b87b2ecbcf114e9691f339cc631fe27f1e271ed9451b904?s=96&d=mm&r=g","url":"https:\/\/secure.gravatar.com\/avatar\/de6b6164c7a7e2c38b87b2ecbcf114e9691f339cc631fe27f1e271ed9451b904?s=96&d=mm&r=g","contentUrl":"https:\/\/secure.gravatar.com\/avatar\/de6b6164c7a7e2c38b87b2ecbcf114e9691f339cc631fe27f1e271ed9451b904?s=96&d=mm&r=g","caption":"Nicolas Saugnac"},"url":"https:\/\/t-agency.fr\/fr\/blog\/author\/nicolas\/"}]}},"_links":{"self":[{"href":"https:\/\/t-agency.fr\/fr\/wp-json\/wp\/v2\/posts\/5395","targetHints":{"allow":["GET"]}}],"collection":[{"href":"https:\/\/t-agency.fr\/fr\/wp-json\/wp\/v2\/posts"}],"about":[{"href":"https:\/\/t-agency.fr\/fr\/wp-json\/wp\/v2\/types\/post"}],"author":[{"embeddable":true,"href":"https:\/\/t-agency.fr\/fr\/wp-json\/wp\/v2\/users\/2"}],"replies":[{"embeddable":true,"href":"https:\/\/t-agency.fr\/fr\/wp-json\/wp\/v2\/comments?post=5395"}],"version-history":[{"count":1,"href":"https:\/\/t-agency.fr\/fr\/wp-json\/wp\/v2\/posts\/5395\/revisions"}],"predecessor-version":[{"id":5396,"href":"https:\/\/t-agency.fr\/fr\/wp-json\/wp\/v2\/posts\/5395\/revisions\/5396"}],"wp:featuredmedia":[{"embeddable":true,"href":"https:\/\/t-agency.fr\/fr\/wp-json\/wp\/v2\/media\/5390"}],"wp:attachment":[{"href":"https:\/\/t-agency.fr\/fr\/wp-json\/wp\/v2\/media?parent=5395"}],"wp:term":[{"taxonomy":"category","embeddable":true,"href":"https:\/\/t-agency.fr\/fr\/wp-json\/wp\/v2\/categories?post=5395"},{"taxonomy":"post_tag","embeddable":true,"href":"https:\/\/t-agency.fr\/fr\/wp-json\/wp\/v2\/tags?post=5395"}],"curies":[{"name":"wp","href":"https:\/\/api.w.org\/{rel}","templated":true}]}}