{"id":5336,"date":"2025-07-14T16:45:06","date_gmt":"2025-07-14T15:45:06","guid":{"rendered":"https:\/\/t-agency.fr\/blog\/la-collection-jet-dans-la-tribune-de-monaco\/"},"modified":"2025-07-14T16:45:17","modified_gmt":"2025-07-14T15:45:17","slug":"la-collection-jet-dans-la-tribune-de-monaco","status":"publish","type":"post","link":"https:\/\/t-agency.fr\/fr\/blog\/la-collection-jet-dans-la-tribune-de-monaco\/","title":{"rendered":"La collection Jet dans la Tribune de Monaco"},"content":{"rendered":"\n<p>Nous sommes ravis d&rsquo;annoncer que <em>The Agency<\/em> a obtenu un article pour notre client <strong>The Jet Collection<\/strong> dans le <em><a href=\"https:\/\/www.monaco-tribune.com\/en\/2025\/06\/the-jet-collection-air-travel-tailored-to-your-needs\/\">Monaco Tribune<\/a><\/em>la principale publication anglophone de la Principaut\u00e9. L&rsquo;article explore l&rsquo;approche personnalis\u00e9e de The Jet Collection en mati\u00e8re d&rsquo;aviation priv\u00e9e, soulignant sa capacit\u00e9 \u00e0 adapter les voyages a\u00e9riens aux besoins de clients exigeants dans le monde entier. Cette exposition \u00e9ditoriale souligne le positionnement de The Jet Collection \u00e0 l&rsquo;avant-garde du voyage de luxe et refl\u00e8te l&rsquo;engagement continu de l&rsquo;Agence \u00e0 assurer une couverture m\u00e9diatique de premier plan pour ses clients.  <\/p>\n\n<figure class=\"wp-block-image size-large\"><a href=\"https:\/\/www.monaco-tribune.com\/en\/2025\/06\/the-jet-collection-air-travel-tailored-to-your-needs\/\"><img fetchpriority=\"high\" decoding=\"async\" width=\"1024\" height=\"688\" src=\"https:\/\/t-agency.fr\/wp-content\/uploads\/2025\/07\/Screenshot-2025-07-14-170051-1024x688.png\" alt=\"\" class=\"wp-image-5333\" srcset=\"https:\/\/t-agency.fr\/wp-content\/uploads\/2025\/07\/Screenshot-2025-07-14-170051-1024x688.png 1024w, https:\/\/t-agency.fr\/wp-content\/uploads\/2025\/07\/Screenshot-2025-07-14-170051-300x202.png 300w, https:\/\/t-agency.fr\/wp-content\/uploads\/2025\/07\/Screenshot-2025-07-14-170051-768x516.png 768w, https:\/\/t-agency.fr\/wp-content\/uploads\/2025\/07\/Screenshot-2025-07-14-170051-1200x806.png 1200w, https:\/\/t-agency.fr\/wp-content\/uploads\/2025\/07\/Screenshot-2025-07-14-170051.png 1319w\" sizes=\"(max-width: 1024px) 100vw, 1024px\" \/><\/a><\/figure>\n","protected":false},"excerpt":{"rendered":"<p>Nous sommes ravis d&rsquo;annoncer que The Agency a obtenu un article pour notre client The Jet Collection dans le Monaco Tribunela principale publication anglophone de la Principaut\u00e9. L&rsquo;article explore l&rsquo;approche personnalis\u00e9e de The Jet Collection en mati\u00e8re d&rsquo;aviation priv\u00e9e, soulignant sa capacit\u00e9 \u00e0 adapter les voyages a\u00e9riens aux besoins de clients exigeants dans le monde [&hellip;]<\/p>\n","protected":false},"author":2,"featured_media":4700,"comment_status":"closed","ping_status":"open","sticky":false,"template":"","format":"standard","meta":{"_acf_changed":false,"footnotes":""},"categories":[12],"tags":[],"class_list":["post-5336","post","type-post","status-publish","format-standard","has-post-thumbnail","hentry","category-pr"],"acf":[],"yoast_head":"<!-- This site is optimized with the Yoast SEO plugin v27.5 - https:\/\/yoast.com\/product\/yoast-seo-wordpress\/ -->\n<title>La collection Jet dans la Tribune de Monaco - The Agency<\/title>\n<meta name=\"robots\" content=\"index, follow, max-snippet:-1, max-image-preview:large, max-video-preview:-1\" \/>\n<link rel=\"canonical\" href=\"https:\/\/t-agency.fr\/fr\/blog\/la-collection-jet-dans-la-tribune-de-monaco\/\" \/>\n<meta property=\"og:locale\" content=\"fr_FR\" \/>\n<meta property=\"og:type\" content=\"article\" \/>\n<meta property=\"og:title\" content=\"La collection Jet dans la Tribune de Monaco - The Agency\" \/>\n<meta property=\"og:description\" content=\"Nous sommes ravis d&rsquo;annoncer que The Agency a obtenu un article pour notre client The Jet Collection dans le Monaco Tribunela principale publication anglophone de la Principaut\u00e9. L&rsquo;article explore l&rsquo;approche personnalis\u00e9e de The Jet Collection en mati\u00e8re d&rsquo;aviation priv\u00e9e, soulignant sa capacit\u00e9 \u00e0 adapter les voyages a\u00e9riens aux besoins de clients exigeants dans le monde [&hellip;]\" \/>\n<meta property=\"og:url\" content=\"https:\/\/t-agency.fr\/fr\/blog\/la-collection-jet-dans-la-tribune-de-monaco\/\" \/>\n<meta property=\"og:site_name\" content=\"The Agency\" \/>\n<meta property=\"article:published_time\" content=\"2025-07-14T15:45:06+00:00\" \/>\n<meta property=\"article:modified_time\" content=\"2025-07-14T15:45:17+00:00\" \/>\n<meta property=\"og:image\" content=\"https:\/\/t-agency.fr\/wp-content\/uploads\/2024\/10\/From-Zero-to-Hero.jpeg\" \/>\n\t<meta property=\"og:image:width\" content=\"1590\" \/>\n\t<meta property=\"og:image:height\" content=\"1059\" \/>\n\t<meta property=\"og:image:type\" content=\"image\/jpeg\" \/>\n<meta name=\"author\" content=\"Nicolas Saugnac\" \/>\n<meta name=\"twitter:card\" content=\"summary_large_image\" \/>\n<meta name=\"twitter:label1\" content=\"\u00c9crit par\" \/>\n\t<meta name=\"twitter:data1\" content=\"Nicolas Saugnac\" \/>\n<script type=\"application\/ld+json\" class=\"yoast-schema-graph\">{\"@context\":\"https:\\\/\\\/schema.org\",\"@graph\":[{\"@type\":\"Article\",\"@id\":\"https:\\\/\\\/t-agency.fr\\\/fr\\\/blog\\\/la-collection-jet-dans-la-tribune-de-monaco\\\/#article\",\"isPartOf\":{\"@id\":\"https:\\\/\\\/t-agency.fr\\\/fr\\\/blog\\\/la-collection-jet-dans-la-tribune-de-monaco\\\/\"},\"author\":{\"name\":\"Nicolas Saugnac\",\"@id\":\"https:\\\/\\\/t-agency.fr\\\/fr\\\/#\\\/schema\\\/person\\\/0a380afa06399420bade1d966cf290d5\"},\"headline\":\"La collection Jet dans la Tribune de Monaco\",\"datePublished\":\"2025-07-14T15:45:06+00:00\",\"dateModified\":\"2025-07-14T15:45:17+00:00\",\"mainEntityOfPage\":{\"@id\":\"https:\\\/\\\/t-agency.fr\\\/fr\\\/blog\\\/la-collection-jet-dans-la-tribune-de-monaco\\\/\"},\"wordCount\":108,\"publisher\":{\"@id\":\"https:\\\/\\\/t-agency.fr\\\/fr\\\/#organization\"},\"image\":{\"@id\":\"https:\\\/\\\/t-agency.fr\\\/fr\\\/blog\\\/la-collection-jet-dans-la-tribune-de-monaco\\\/#primaryimage\"},\"thumbnailUrl\":\"https:\\\/\\\/t-agency.fr\\\/wp-content\\\/uploads\\\/2024\\\/10\\\/From-Zero-to-Hero.jpeg\",\"articleSection\":[\"PR\"],\"inLanguage\":\"fr-FR\"},{\"@type\":\"WebPage\",\"@id\":\"https:\\\/\\\/t-agency.fr\\\/fr\\\/blog\\\/la-collection-jet-dans-la-tribune-de-monaco\\\/\",\"url\":\"https:\\\/\\\/t-agency.fr\\\/fr\\\/blog\\\/la-collection-jet-dans-la-tribune-de-monaco\\\/\",\"name\":\"La collection Jet dans la Tribune de Monaco - The Agency\",\"isPartOf\":{\"@id\":\"https:\\\/\\\/t-agency.fr\\\/fr\\\/#website\"},\"primaryImageOfPage\":{\"@id\":\"https:\\\/\\\/t-agency.fr\\\/fr\\\/blog\\\/la-collection-jet-dans-la-tribune-de-monaco\\\/#primaryimage\"},\"image\":{\"@id\":\"https:\\\/\\\/t-agency.fr\\\/fr\\\/blog\\\/la-collection-jet-dans-la-tribune-de-monaco\\\/#primaryimage\"},\"thumbnailUrl\":\"https:\\\/\\\/t-agency.fr\\\/wp-content\\\/uploads\\\/2024\\\/10\\\/From-Zero-to-Hero.jpeg\",\"datePublished\":\"2025-07-14T15:45:06+00:00\",\"dateModified\":\"2025-07-14T15:45:17+00:00\",\"breadcrumb\":{\"@id\":\"https:\\\/\\\/t-agency.fr\\\/fr\\\/blog\\\/la-collection-jet-dans-la-tribune-de-monaco\\\/#breadcrumb\"},\"inLanguage\":\"fr-FR\",\"potentialAction\":[{\"@type\":\"ReadAction\",\"target\":[\"https:\\\/\\\/t-agency.fr\\\/fr\\\/blog\\\/la-collection-jet-dans-la-tribune-de-monaco\\\/\"]}]},{\"@type\":\"ImageObject\",\"inLanguage\":\"fr-FR\",\"@id\":\"https:\\\/\\\/t-agency.fr\\\/fr\\\/blog\\\/la-collection-jet-dans-la-tribune-de-monaco\\\/#primaryimage\",\"url\":\"https:\\\/\\\/t-agency.fr\\\/wp-content\\\/uploads\\\/2024\\\/10\\\/From-Zero-to-Hero.jpeg\",\"contentUrl\":\"https:\\\/\\\/t-agency.fr\\\/wp-content\\\/uploads\\\/2024\\\/10\\\/From-Zero-to-Hero.jpeg\",\"width\":1590,\"height\":1059,\"caption\":\"A luxury private jet overflying cloudy skies at sunset\"},{\"@type\":\"BreadcrumbList\",\"@id\":\"https:\\\/\\\/t-agency.fr\\\/fr\\\/blog\\\/la-collection-jet-dans-la-tribune-de-monaco\\\/#breadcrumb\",\"itemListElement\":[{\"@type\":\"ListItem\",\"position\":1,\"name\":\"Home\",\"item\":\"https:\\\/\\\/t-agency.fr\\\/fr\\\/lagence\\\/\"},{\"@type\":\"ListItem\",\"position\":2,\"name\":\"La collection Jet dans la Tribune de Monaco\"}]},{\"@type\":\"WebSite\",\"@id\":\"https:\\\/\\\/t-agency.fr\\\/fr\\\/#website\",\"url\":\"https:\\\/\\\/t-agency.fr\\\/fr\\\/\",\"name\":\"The Agency\",\"description\":\"Yacht Marketing Agency\",\"publisher\":{\"@id\":\"https:\\\/\\\/t-agency.fr\\\/fr\\\/#organization\"},\"potentialAction\":[{\"@type\":\"SearchAction\",\"target\":{\"@type\":\"EntryPoint\",\"urlTemplate\":\"https:\\\/\\\/t-agency.fr\\\/fr\\\/?s={search_term_string}\"},\"query-input\":{\"@type\":\"PropertyValueSpecification\",\"valueRequired\":true,\"valueName\":\"search_term_string\"}}],\"inLanguage\":\"fr-FR\"},{\"@type\":\"Organization\",\"@id\":\"https:\\\/\\\/t-agency.fr\\\/fr\\\/#organization\",\"name\":\"The Agency\",\"url\":\"https:\\\/\\\/t-agency.fr\\\/fr\\\/\",\"logo\":{\"@type\":\"ImageObject\",\"inLanguage\":\"fr-FR\",\"@id\":\"https:\\\/\\\/t-agency.fr\\\/fr\\\/#\\\/schema\\\/logo\\\/image\\\/\",\"url\":\"https:\\\/\\\/t-agency.fr\\\/wp-content\\\/uploads\\\/2021\\\/07\\\/t_agency__full_logo.png\",\"contentUrl\":\"https:\\\/\\\/t-agency.fr\\\/wp-content\\\/uploads\\\/2021\\\/07\\\/t_agency__full_logo.png\",\"width\":2708,\"height\":1445,\"caption\":\"The Agency\"},\"image\":{\"@id\":\"https:\\\/\\\/t-agency.fr\\\/fr\\\/#\\\/schema\\\/logo\\\/image\\\/\"}},{\"@type\":\"Person\",\"@id\":\"https:\\\/\\\/t-agency.fr\\\/fr\\\/#\\\/schema\\\/person\\\/0a380afa06399420bade1d966cf290d5\",\"name\":\"Nicolas Saugnac\",\"image\":{\"@type\":\"ImageObject\",\"inLanguage\":\"fr-FR\",\"@id\":\"https:\\\/\\\/secure.gravatar.com\\\/avatar\\\/de6b6164c7a7e2c38b87b2ecbcf114e9691f339cc631fe27f1e271ed9451b904?s=96&d=mm&r=g\",\"url\":\"https:\\\/\\\/secure.gravatar.com\\\/avatar\\\/de6b6164c7a7e2c38b87b2ecbcf114e9691f339cc631fe27f1e271ed9451b904?s=96&d=mm&r=g\",\"contentUrl\":\"https:\\\/\\\/secure.gravatar.com\\\/avatar\\\/de6b6164c7a7e2c38b87b2ecbcf114e9691f339cc631fe27f1e271ed9451b904?s=96&d=mm&r=g\",\"caption\":\"Nicolas Saugnac\"},\"url\":\"https:\\\/\\\/t-agency.fr\\\/fr\\\/blog\\\/author\\\/nicolas\\\/\"}]}<\/script>\n<!-- \/ Yoast SEO plugin. -->","yoast_head_json":{"title":"La collection Jet dans la Tribune de Monaco - The Agency","robots":{"index":"index","follow":"follow","max-snippet":"max-snippet:-1","max-image-preview":"max-image-preview:large","max-video-preview":"max-video-preview:-1"},"canonical":"https:\/\/t-agency.fr\/fr\/blog\/la-collection-jet-dans-la-tribune-de-monaco\/","og_locale":"fr_FR","og_type":"article","og_title":"La collection Jet dans la Tribune de Monaco - The Agency","og_description":"Nous sommes ravis d&rsquo;annoncer que The Agency a obtenu un article pour notre client The Jet Collection dans le Monaco Tribunela principale publication anglophone de la Principaut\u00e9. L&rsquo;article explore l&rsquo;approche personnalis\u00e9e de The Jet Collection en mati\u00e8re d&rsquo;aviation priv\u00e9e, soulignant sa capacit\u00e9 \u00e0 adapter les voyages a\u00e9riens aux besoins de clients exigeants dans le monde [&hellip;]","og_url":"https:\/\/t-agency.fr\/fr\/blog\/la-collection-jet-dans-la-tribune-de-monaco\/","og_site_name":"The Agency","article_published_time":"2025-07-14T15:45:06+00:00","article_modified_time":"2025-07-14T15:45:17+00:00","og_image":[{"width":1590,"height":1059,"url":"https:\/\/t-agency.fr\/wp-content\/uploads\/2024\/10\/From-Zero-to-Hero.jpeg","type":"image\/jpeg"}],"author":"Nicolas Saugnac","twitter_card":"summary_large_image","twitter_misc":{"\u00c9crit par":"Nicolas Saugnac"},"schema":{"@context":"https:\/\/schema.org","@graph":[{"@type":"Article","@id":"https:\/\/t-agency.fr\/fr\/blog\/la-collection-jet-dans-la-tribune-de-monaco\/#article","isPartOf":{"@id":"https:\/\/t-agency.fr\/fr\/blog\/la-collection-jet-dans-la-tribune-de-monaco\/"},"author":{"name":"Nicolas Saugnac","@id":"https:\/\/t-agency.fr\/fr\/#\/schema\/person\/0a380afa06399420bade1d966cf290d5"},"headline":"La collection Jet dans la Tribune de Monaco","datePublished":"2025-07-14T15:45:06+00:00","dateModified":"2025-07-14T15:45:17+00:00","mainEntityOfPage":{"@id":"https:\/\/t-agency.fr\/fr\/blog\/la-collection-jet-dans-la-tribune-de-monaco\/"},"wordCount":108,"publisher":{"@id":"https:\/\/t-agency.fr\/fr\/#organization"},"image":{"@id":"https:\/\/t-agency.fr\/fr\/blog\/la-collection-jet-dans-la-tribune-de-monaco\/#primaryimage"},"thumbnailUrl":"https:\/\/t-agency.fr\/wp-content\/uploads\/2024\/10\/From-Zero-to-Hero.jpeg","articleSection":["PR"],"inLanguage":"fr-FR"},{"@type":"WebPage","@id":"https:\/\/t-agency.fr\/fr\/blog\/la-collection-jet-dans-la-tribune-de-monaco\/","url":"https:\/\/t-agency.fr\/fr\/blog\/la-collection-jet-dans-la-tribune-de-monaco\/","name":"La collection Jet dans la Tribune de Monaco - The Agency","isPartOf":{"@id":"https:\/\/t-agency.fr\/fr\/#website"},"primaryImageOfPage":{"@id":"https:\/\/t-agency.fr\/fr\/blog\/la-collection-jet-dans-la-tribune-de-monaco\/#primaryimage"},"image":{"@id":"https:\/\/t-agency.fr\/fr\/blog\/la-collection-jet-dans-la-tribune-de-monaco\/#primaryimage"},"thumbnailUrl":"https:\/\/t-agency.fr\/wp-content\/uploads\/2024\/10\/From-Zero-to-Hero.jpeg","datePublished":"2025-07-14T15:45:06+00:00","dateModified":"2025-07-14T15:45:17+00:00","breadcrumb":{"@id":"https:\/\/t-agency.fr\/fr\/blog\/la-collection-jet-dans-la-tribune-de-monaco\/#breadcrumb"},"inLanguage":"fr-FR","potentialAction":[{"@type":"ReadAction","target":["https:\/\/t-agency.fr\/fr\/blog\/la-collection-jet-dans-la-tribune-de-monaco\/"]}]},{"@type":"ImageObject","inLanguage":"fr-FR","@id":"https:\/\/t-agency.fr\/fr\/blog\/la-collection-jet-dans-la-tribune-de-monaco\/#primaryimage","url":"https:\/\/t-agency.fr\/wp-content\/uploads\/2024\/10\/From-Zero-to-Hero.jpeg","contentUrl":"https:\/\/t-agency.fr\/wp-content\/uploads\/2024\/10\/From-Zero-to-Hero.jpeg","width":1590,"height":1059,"caption":"A luxury private jet overflying cloudy skies at sunset"},{"@type":"BreadcrumbList","@id":"https:\/\/t-agency.fr\/fr\/blog\/la-collection-jet-dans-la-tribune-de-monaco\/#breadcrumb","itemListElement":[{"@type":"ListItem","position":1,"name":"Home","item":"https:\/\/t-agency.fr\/fr\/lagence\/"},{"@type":"ListItem","position":2,"name":"La collection Jet dans la Tribune de Monaco"}]},{"@type":"WebSite","@id":"https:\/\/t-agency.fr\/fr\/#website","url":"https:\/\/t-agency.fr\/fr\/","name":"The Agency","description":"Yacht Marketing Agency","publisher":{"@id":"https:\/\/t-agency.fr\/fr\/#organization"},"potentialAction":[{"@type":"SearchAction","target":{"@type":"EntryPoint","urlTemplate":"https:\/\/t-agency.fr\/fr\/?s={search_term_string}"},"query-input":{"@type":"PropertyValueSpecification","valueRequired":true,"valueName":"search_term_string"}}],"inLanguage":"fr-FR"},{"@type":"Organization","@id":"https:\/\/t-agency.fr\/fr\/#organization","name":"The Agency","url":"https:\/\/t-agency.fr\/fr\/","logo":{"@type":"ImageObject","inLanguage":"fr-FR","@id":"https:\/\/t-agency.fr\/fr\/#\/schema\/logo\/image\/","url":"https:\/\/t-agency.fr\/wp-content\/uploads\/2021\/07\/t_agency__full_logo.png","contentUrl":"https:\/\/t-agency.fr\/wp-content\/uploads\/2021\/07\/t_agency__full_logo.png","width":2708,"height":1445,"caption":"The Agency"},"image":{"@id":"https:\/\/t-agency.fr\/fr\/#\/schema\/logo\/image\/"}},{"@type":"Person","@id":"https:\/\/t-agency.fr\/fr\/#\/schema\/person\/0a380afa06399420bade1d966cf290d5","name":"Nicolas Saugnac","image":{"@type":"ImageObject","inLanguage":"fr-FR","@id":"https:\/\/secure.gravatar.com\/avatar\/de6b6164c7a7e2c38b87b2ecbcf114e9691f339cc631fe27f1e271ed9451b904?s=96&d=mm&r=g","url":"https:\/\/secure.gravatar.com\/avatar\/de6b6164c7a7e2c38b87b2ecbcf114e9691f339cc631fe27f1e271ed9451b904?s=96&d=mm&r=g","contentUrl":"https:\/\/secure.gravatar.com\/avatar\/de6b6164c7a7e2c38b87b2ecbcf114e9691f339cc631fe27f1e271ed9451b904?s=96&d=mm&r=g","caption":"Nicolas Saugnac"},"url":"https:\/\/t-agency.fr\/fr\/blog\/author\/nicolas\/"}]}},"_links":{"self":[{"href":"https:\/\/t-agency.fr\/fr\/wp-json\/wp\/v2\/posts\/5336","targetHints":{"allow":["GET"]}}],"collection":[{"href":"https:\/\/t-agency.fr\/fr\/wp-json\/wp\/v2\/posts"}],"about":[{"href":"https:\/\/t-agency.fr\/fr\/wp-json\/wp\/v2\/types\/post"}],"author":[{"embeddable":true,"href":"https:\/\/t-agency.fr\/fr\/wp-json\/wp\/v2\/users\/2"}],"replies":[{"embeddable":true,"href":"https:\/\/t-agency.fr\/fr\/wp-json\/wp\/v2\/comments?post=5336"}],"version-history":[{"count":1,"href":"https:\/\/t-agency.fr\/fr\/wp-json\/wp\/v2\/posts\/5336\/revisions"}],"predecessor-version":[{"id":5337,"href":"https:\/\/t-agency.fr\/fr\/wp-json\/wp\/v2\/posts\/5336\/revisions\/5337"}],"wp:featuredmedia":[{"embeddable":true,"href":"https:\/\/t-agency.fr\/fr\/wp-json\/wp\/v2\/media\/4700"}],"wp:attachment":[{"href":"https:\/\/t-agency.fr\/fr\/wp-json\/wp\/v2\/media?parent=5336"}],"wp:term":[{"taxonomy":"category","embeddable":true,"href":"https:\/\/t-agency.fr\/fr\/wp-json\/wp\/v2\/categories?post=5336"},{"taxonomy":"post_tag","embeddable":true,"href":"https:\/\/t-agency.fr\/fr\/wp-json\/wp\/v2\/tags?post=5336"}],"curies":[{"name":"wp","href":"https:\/\/api.w.org\/{rel}","templated":true}]}}